{"id":428,"date":"2011-12-08T09:59:03","date_gmt":"2011-12-08T09:59:03","guid":{"rendered":"http:\/\/www.bevanger.co.uk\/?p=428"},"modified":"2011-12-08T10:02:21","modified_gmt":"2011-12-08T10:02:21","slug":"kan-vi-skylde-pa-andre-enn-behring-breivik","status":"publish","type":"post","link":"http:\/\/www.bevanger.co.uk\/?p=428","title":{"rendered":"Kan vi skylde p\u00e5 andre enn Behring Breivik?"},"content":{"rendered":"<div id=\"attachment_432\" style=\"width: 310px\" class=\"wp-caption alignleft\"><a href=\"http:\/\/www.bevanger.co.uk\/wp-content\/uploads\/2011\/12\/Utoya-007.jpg\"><img loading=\"lazy\" decoding=\"async\" aria-describedby=\"caption-attachment-432\" class=\"size-medium wp-image-432\" title=\"Ut\u00f8ya\" src=\"http:\/\/www.bevanger.co.uk\/wp-content\/uploads\/2011\/12\/Utoya-007-300x180.jpg\" alt=\"\" width=\"300\" height=\"180\" srcset=\"http:\/\/www.bevanger.co.uk\/wp-content\/uploads\/2011\/12\/Utoya-007-300x180.jpg 300w, http:\/\/www.bevanger.co.uk\/wp-content\/uploads\/2011\/12\/Utoya-007.jpg 460w\" sizes=\"auto, (max-width: 300px) 100vw, 300px\" \/><\/a><p id=\"caption-attachment-432\" class=\"wp-caption-text\">Ut\u00f8ya<\/p><\/div>\n<p>Eksperter og synsere har debattert Anders Behring Breiviks motiv og psykiske helse i det vide og brede helt siden 22. juli. Hans h\u00f8yre-ekstreme ideologi har blitt brukt som argument mot h\u00f8yre-ekstreme grupper i b\u00e5de Norge og ellers i Europa. Men hva om det ikke finnes andre \u00e5 skylde p\u00e5 enn Breivik selv? Den britiske statsviteren Rober Ford fra universitetet i Manchester mener dette er noe vi b\u00f8r tenke mer over. Han skrev om dette allerede uka etter terror-hanlingene. Jeg m\u00f8tte Ford i Manchester for Ekko p\u00e5 NRK P2, og spurte &#8211; hva er det han har savnet i debatten siden 22. juli?<\/p>\n<div class=\"ab-player\" data-boourl=\"http:\/\/audioboo.fm\/boos\/579634-kan-vi-skylde-pa-andre-enn-abb\/embed\"><a href=\"http:\/\/audioboo.fm\/boos\/579634-kan-vi-skylde-pa-andre-enn-abb\">listen to \u2018Kan vi skylde p\u00e5 andre enn ABB?\u2019 on Audioboo<\/a><\/div>\n<p><script type=\"text\/javascript\">\/\/ <![CDATA[\n(function() { var po = document.createElement(\"script\"); po.type = \"text\/javascript\"; po.async = true; po.src = \"http:\/\/d15mj6e6qmt1na.cloudfront.net\/assets\/embed-120632a7e4d1146dddadf1e106266c7c.js\"; var s = document.getElementsByTagName(\"script\")[0]; s.parentNode.insertBefore(po, s); })();\n\/\/ ]]><\/script><\/p>\n","protected":false},"excerpt":{"rendered":"<p>Eksperter og synsere har debattert Anders Behring Breiviks motiv og psykiske helse i det vide og brede helt siden 22. juli. Hans h\u00f8yre-ekstreme ideologi har blitt brukt som argument mot h\u00f8yre-ekstreme grupper i b\u00e5de Norge og ellers i Europa. Men hva om det ikke finnes andre \u00e5 skylde p\u00e5 enn Breivik selv? Den britiske statsviteren [&hellip;]<\/p>\n","protected":false},"author":1,"featured_media":0,"comment_status":"open","ping_status":"open","sticky":false,"template":"","format":"standard","meta":{"footnotes":""},"categories":[1],"tags":[],"class_list":["post-428","post","type-post","status-publish","format-standard","hentry","category-uncategorized"],"_links":{"self":[{"href":"http:\/\/www.bevanger.co.uk\/index.php?rest_route=\/wp\/v2\/posts\/428","targetHints":{"allow":["GET"]}}],"collection":[{"href":"http:\/\/www.bevanger.co.uk\/index.php?rest_route=\/wp\/v2\/posts"}],"about":[{"href":"http:\/\/www.bevanger.co.uk\/index.php?rest_route=\/wp\/v2\/types\/post"}],"author":[{"embeddable":true,"href":"http:\/\/www.bevanger.co.uk\/index.php?rest_route=\/wp\/v2\/users\/1"}],"replies":[{"embeddable":true,"href":"http:\/\/www.bevanger.co.uk\/index.php?rest_route=%2Fwp%2Fv2%2Fcomments&post=428"}],"version-history":[{"count":4,"href":"http:\/\/www.bevanger.co.uk\/index.php?rest_route=\/wp\/v2\/posts\/428\/revisions"}],"predecessor-version":[{"id":433,"href":"http:\/\/www.bevanger.co.uk\/index.php?rest_route=\/wp\/v2\/posts\/428\/revisions\/433"}],"wp:attachment":[{"href":"http:\/\/www.bevanger.co.uk\/index.php?rest_route=%2Fwp%2Fv2%2Fmedia&parent=428"}],"wp:term":[{"taxonomy":"category","embeddable":true,"href":"http:\/\/www.bevanger.co.uk\/index.php?rest_route=%2Fwp%2Fv2%2Fcategories&post=428"},{"taxonomy":"post_tag","embeddable":true,"href":"http:\/\/www.bevanger.co.uk\/index.php?rest_route=%2Fwp%2Fv2%2Ftags&post=428"}],"curies":[{"name":"wp","href":"https:\/\/api.w.org\/{rel}","templated":true}]}}